{"id":356,"date":"2020-06-11T14:47:40","date_gmt":"2020-06-11T14:47:40","guid":{"rendered":"http:\/\/dev.claudiaraith.com\/?p=356"},"modified":"2022-01-26T15:29:09","modified_gmt":"2022-01-26T15:29:09","slug":"nationalsozialismus-und-widerstand","status":"publish","type":"post","link":"https:\/\/claudiaraith.com\/?p=356","title":{"rendered":"Nationalsozialismus und Widerstand"},"content":{"rendered":"\n<p>&#8222;Wenn Unrecht zu Recht wird, wird Widerstand zur Pflicht!\u201c&nbsp;Berthold Brecht<\/p>\n\n\n\n<p>In M\u00fcnchen begann der Nationalsozialismus. Nach dem Ersten Weltkrieg wurde M\u00fcnchen zum N\u00e4hrboden f\u00fcr nationalistisch-antidemokratische Kr\u00e4fte, 1923 konnte Adolf Hitler w\u00e4hrend seines Putsches Massen dazu bewegen, mit ihm durch M\u00fcnchen zu ziehen und 1933, nach der Machtergreifung, nannte er M\u00fcnchen \u201edie Stadt der Bewegung\u201c. Wie gelang ihm sein politischer Aufstieg? Wie stellte sich die M\u00fcnchner Bev\u00f6lkerung dazu? Was hatte Hitler mit M\u00fcnchen vor?<\/p>\n\n\n\n<p>Doch es regte sich auch Widerstand in den Reihen der M\u00fcnchner B\u00fcrger; aus der Studentenschaft, aus dem Arbeitermilieu, selbst aus dem Milit\u00e4r gab es Menschen, die sich dem Regime entgegenstellten.&nbsp;<\/p>\n\n\n\n<p>Und heute? Rechtsextreme Tendenzen h\u00e4ufen sich, rechte Demonstrationen finden wieder mehr Anh\u00e4nger, antisemitische Delikte nehmen zu. Wie geht die Stadt damit um? Wie gehen wir damit um?<\/p>\n\n\n\n<figure class=\"wp-block-image size-large is-resized\"><img decoding=\"async\" loading=\"lazy\" src=\"http:\/\/dev.claudiaraith.com\/wp-content\/uploads\/2020\/06\/IMG_2975-768x1024.jpg\" alt=\"\" class=\"wp-image-487\" width=\"496\" height=\"660\" srcset=\"https:\/\/claudiaraith.com\/wp-content\/uploads\/2020\/06\/IMG_2975-768x1024.jpg 768w, https:\/\/claudiaraith.com\/wp-content\/uploads\/2020\/06\/IMG_2975-225x300.jpg 225w, https:\/\/claudiaraith.com\/wp-content\/uploads\/2020\/06\/IMG_2975-1152x1536.jpg 1152w, https:\/\/claudiaraith.com\/wp-content\/uploads\/2020\/06\/IMG_2975-1536x2048.jpg 1536w, https:\/\/claudiaraith.com\/wp-content\/uploads\/2020\/06\/IMG_2975-scaled.jpg 1920w\" sizes=\"(max-width: 496px) 100vw, 496px\" \/><\/figure>\n\n\n\n<p>Diesen und weiteren Fragen gehen wir auf unserem Rundgang zu den Schaupl\u00e4tzen der nationalsozialistischen Geschichte M\u00fcnchens nach.<\/p>\n\n\n\n<p><strong>Dauer ca. 2 Stunden<\/strong><\/p>\n\n\n\n<p>Buchung: Bitte senden Sie mir eine&nbsp;<a href=\"mailto:kontakt@claudiaraith.com\">E-Mail<\/a>&nbsp;mit Ihrem Terminwunsch.<\/p>\n","protected":false},"excerpt":{"rendered":"<p>&#8222;Wenn Unrecht zu Recht wird, wird Widerstand zur Pflicht!\u201c<br \/>\nBerthold Brecht<\/p>\n<div class=\"more-link-wrapper\"><a class=\"more-link\" href=\"https:\/\/claudiaraith.com\/?p=356\">Beitrag lesen<span class=\"screen-reader-text\">Nationalsozialismus und Widerstand<\/span><\/a><\/div>\n","protected":false},"author":2,"featured_media":488,"comment_status":"closed","ping_status":"closed","sticky":false,"template":"","format":"standard","meta":[],"categories":[6],"tags":[],"_links":{"self":[{"href":"https:\/\/claudiaraith.com\/index.php?rest_route=\/wp\/v2\/posts\/356"}],"collection":[{"href":"https:\/\/claudiaraith.com\/index.php?rest_route=\/wp\/v2\/posts"}],"about":[{"href":"https:\/\/claudiaraith.com\/index.php?rest_route=\/wp\/v2\/types\/post"}],"author":[{"embeddable":true,"href":"https:\/\/claudiaraith.com\/index.php?rest_route=\/wp\/v2\/users\/2"}],"replies":[{"embeddable":true,"href":"https:\/\/claudiaraith.com\/index.php?rest_route=%2Fwp%2Fv2%2Fcomments&post=356"}],"version-history":[{"count":4,"href":"https:\/\/claudiaraith.com\/index.php?rest_route=\/wp\/v2\/posts\/356\/revisions"}],"predecessor-version":[{"id":489,"href":"https:\/\/claudiaraith.com\/index.php?rest_route=\/wp\/v2\/posts\/356\/revisions\/489"}],"wp:featuredmedia":[{"embeddable":true,"href":"https:\/\/claudiaraith.com\/index.php?rest_route=\/wp\/v2\/media\/488"}],"wp:attachment":[{"href":"https:\/\/claudiaraith.com\/index.php?rest_route=%2Fwp%2Fv2%2Fmedia&parent=356"}],"wp:term":[{"taxonomy":"category","embeddable":true,"href":"https:\/\/claudiaraith.com\/index.php?rest_route=%2Fwp%2Fv2%2Fcategories&post=356"},{"taxonomy":"post_tag","embeddable":true,"href":"https:\/\/claudiaraith.com\/index.php?rest_route=%2Fwp%2Fv2%2Ftags&post=356"}],"curies":[{"name":"wp","href":"https:\/\/api.w.org\/{rel}","templated":true}]}}